{"id":16403,"date":"2026-01-07T12:10:13","date_gmt":"2026-01-07T11:10:13","guid":{"rendered":"https:\/\/applysia.de\/?p=16403"},"modified":"2026-01-07T12:12:21","modified_gmt":"2026-01-07T11:12:21","slug":"werden-introvertierte-in-der-personalauswahl-benachteiligt","status":"publish","type":"post","link":"https:\/\/applysia.de\/en\/hr-wissen\/werden-introvertierte-in-der-personalauswahl-benachteiligt\/","title":{"rendered":"Werden Introvertierte in der Personalauswahl benachteiligt?"},"content":{"rendered":"<p>Setzt sich im Bewerbungsprozess wirklich immer die beste Person durch oder oft einfach die lauteste Person?<\/p>\n\n\n\n<p>Diese Frage stellen sich viele Bewerber*innen, vor allem jene, die ihre <strong>St\u00e4rken <\/strong>eher <strong>leise zeigen<\/strong>. Und sie ist <strong>hochrelevant f\u00fcr Organisationen<\/strong>, die in Zeiten von Fachkr\u00e4ftemangel, Remote Work und wissensintensiver Arbeit die <strong>richtigen Talente finden<\/strong> wollen.<\/p>\n\n\n\n<p>In diesem Beitrag schauen wir gemeinsam darauf, wie <strong>Intro- und Extraversion wirklich zu verstehen<\/strong> sind, warum <strong>klassische Auswahlverfahren introvertierte Bewerber*innen benachteiligen<\/strong> k\u00f6nnen, welche Denkfehler im Recruiting besonders h\u00e4ufig auftreten und wie <strong>faire Personalauswahl<\/strong> heute aussehen sollte.<\/p>\n\n\n\n<div class=\"toc-block border border-gray-200 rounded-lg p-4 sm:p-3 bg-gray-50 my-6 text-base sm:text-lg wp-block-applysia-table-of-contents\"    data-toc-id=\"toc-1\"\n    data-min-level=\"2\"\n    data-max-level=\"6\">\n\n    <div class=\"max-w-full\">\n        <div class=\"mb-3\">\n            <div class=\"m-0 text-xl sm:text-lg font-semibold text-gray-700\">Inhalt<\/div>\n        <\/div>\n\n        <div class=\"border-t border-gray-200 pt-3\">\n            <nav class=\"text-base m-0 list-disc\" aria-label=\"Inhalt\">\n                <!-- TOC items will be dynamically inserted here by JavaScript -->\n            <\/nav>\n        <\/div>\n    <\/div>\n<\/div>\n\n\n<h2 class=\"wp-block-heading\">Wer setzt sich durch: die F\u00e4higsten oder die Lautesten?<\/h2>\n\n\n\n<figure class=\"wp-block-image size-large is-resized\"><img loading=\"lazy\" decoding=\"async\" width=\"1024\" height=\"576\" src=\"https:\/\/applysia.de\/wp-content\/uploads\/2026\/01\/Introvertierte-in-der-Personalauswahl_Grafik-1-1024x576.png\" alt=\"Eine Illustration von zwei Personen, getrennt durch eine gestrichelte Linie. Die linke Person tr\u00e4gt ein orangefarbenes T-Shirt und hat eine nachdenkliche Haltung, w\u00e4hrend sie ihre rechte Hand ans Kinn legt. Die rechte Person tr\u00e4gt ein blaues T-Shirt mit Tr\u00e4gern und h\u00e4lt ein Megafon, durch das sie spricht.\" class=\"wp-image-16411\" style=\"width:728px;height:auto\" srcset=\"https:\/\/applysia.de\/wp-content\/uploads\/2026\/01\/Introvertierte-in-der-Personalauswahl_Grafik-1-1024x576.png 1024w, https:\/\/applysia.de\/wp-content\/uploads\/2026\/01\/Introvertierte-in-der-Personalauswahl_Grafik-1-300x169.png 300w, https:\/\/applysia.de\/wp-content\/uploads\/2026\/01\/Introvertierte-in-der-Personalauswahl_Grafik-1-768x432.png 768w, https:\/\/applysia.de\/wp-content\/uploads\/2026\/01\/Introvertierte-in-der-Personalauswahl_Grafik-1-1536x864.png 1536w, https:\/\/applysia.de\/wp-content\/uploads\/2026\/01\/Introvertierte-in-der-Personalauswahl_Grafik-1-18x10.png 18w, https:\/\/applysia.de\/wp-content\/uploads\/2026\/01\/Introvertierte-in-der-Personalauswahl_Grafik-1.png 1920w\" sizes=\"auto, (max-width: 1024px) 100vw, 1024px\" \/><\/figure>\n\n\n\n<p>Stell dir folgendes Szenario vor: Ein <strong>Assessment Center<\/strong>, acht Bewerber*innen, eine Gruppenaufgabe. Die Aufgabe ist komplex und die Zeit knapp. Zwei Personen \u00fcbernehmen sofort das Wort. Sie moderieren und argumentieren lautstark. Die anderen h\u00f6ren zu, machen sich Notizen und bringen vereinzelt durchdachte Beitr\u00e4ge ein. Sie sind eher leise, aber pr\u00e4zise.&nbsp;<\/p>\n\n\n\n<p>Am Ende der \u00dcbung bleibt oftmals vor allem h\u00e4ngen: <strong>Wer war pr\u00e4sent? Wer hat gesprochen? Wer hat gef\u00fchrt? <\/strong>Und genau hier beginnt das Problem.&nbsp;<\/p>\n\n\n\n<p>Personalauswahl soll <strong>Potenzial erkennen<\/strong> and <strong>nicht die Lautst\u00e4rke belohnen<\/strong>. Trotzdem beschleicht einige Bewerber*innen, insbesondere introvertierte, das Gef\u00fchl: \u201eIch passe hier nicht rein.\u201c Aber ist das nur subjektives Empfinden oder werden introvertierte Personen tats\u00e4chlich eher benachteiligt?<\/p>\n\n\n\n<p>Diese Frage ist nicht nur relevant f\u00fcr HR-Abteilungen, sondern auch f\u00fcr F\u00fchrungskr\u00e4fte und Unternehmen, gerade in einer Arbeitswelt, die zunehmend wissensintensiv, komplex und digital wird. In diesem Beitrag schauen wir genauer hin: Was sagt die Pers\u00f6nlichkeitspsychologie? Welche Denkfehler schleichen sich in Auswahlprozesse ein?<\/p>\n\n\n\n<h2 class=\"wp-block-heading\">Intro- und Extraversion: Was Pers\u00f6nlichkeit bedeutet<\/h2>\n\n\n\n<h3 class=\"wp-block-heading\">Kein Entweder-oder, sondern ein Spektrum<\/h3>\n\n\n\n<p>Ein weit verbreitetes Missverst\u00e4ndnis ist: Introvertiert oder extravertiert zu sein ist ein Entweder-Oder (McCord &amp; Joseph, 2020). In der Pers\u00f6nlichkeitspsychologie wird <strong>Extraversion <\/strong>als eine der sogenannten <strong>Big Five Pers\u00f6nlichkeitsmerkmale <\/strong>beschrieben, gemeinsam mit Offenheit f\u00fcr Erfahrungen, Vertr\u00e4glichkeit, Gewissenhaftigkeit und Neurotizismus. Diese f\u00fcnf grundlegenden Dimensionen werden zur Beschreibung von Pers\u00f6nlichkeit herangezogen. Die Big Five gelten als eines der wissenschaftlich am besten belegten Modelle der Pers\u00f6nlichkeitspsychologie. Extraversion beschreibt unter anderem,<\/p>\n\n\n\n<ul class=\"wp-block-list\">\n<li>wie <strong>stark <\/strong>Menschen <strong>soziale Kontakte <\/strong>suchen,<\/li>\n\n\n\n<li>wie <strong>spontan <\/strong>sie <strong>kommunizieren <\/strong>and<\/li>\n\n\n\n<li>wie <strong>viel Energie sie aus sozialen Interaktionen<\/strong> ziehen.<\/li>\n<\/ul>\n\n\n\n<p>The <strong>meisten Menschen liegen irgendwo zwischen den beiden Polen<\/strong>. Wie extravertiert oder introvertiert sich jemand in einer konkreten Situation verh\u00e4lt, h\u00e4ngt jedoch stark vom Kontext ab. Je nach Aufgabe, sozialem Umfeld oder Rahmenbedingungen k\u00f6nnen Menschen zur\u00fcckhaltender oder sehr pr\u00e4sent auftreten, ohne dass sich ihre Pers\u00f6nlichkeit ver\u00e4ndert (McCord &amp; Joseph, 2020).<\/p>\n\n\n\n<figure class=\"wp-block-image size-large\"><img loading=\"lazy\" decoding=\"async\" width=\"1024\" height=\"576\" src=\"https:\/\/applysia.de\/wp-content\/uploads\/2026\/01\/Introvertierte-in-der-Personalauswahl-1024x576.jpg\" alt=\"Eine Grafik mit dem Titel &quot;Pers\u00f6nlichkeitsmerkmale&quot; zeigt die f\u00fcnf Hauptdimensionen der Pers\u00f6nlichkeit, Gewissenhaftigkeit, Neurotizismus, Offenheit f\u00fcr Erfahrungen, Extraversion und Vertr\u00e4glichkeit, auch bekannt als Big 5. Diese sind in einem kreisf\u00f6rmigen Diagramm dargestellt. Jedes Pers\u00f6nlichkeitsmerkmal ist mit einem entsprechenden Icon illustriert.\" class=\"wp-image-16426\" srcset=\"https:\/\/applysia.de\/wp-content\/uploads\/2026\/01\/Introvertierte-in-der-Personalauswahl-1024x576.jpg 1024w, https:\/\/applysia.de\/wp-content\/uploads\/2026\/01\/Introvertierte-in-der-Personalauswahl-300x169.jpg 300w, https:\/\/applysia.de\/wp-content\/uploads\/2026\/01\/Introvertierte-in-der-Personalauswahl-768x432.jpg 768w, https:\/\/applysia.de\/wp-content\/uploads\/2026\/01\/Introvertierte-in-der-Personalauswahl-1536x864.jpg 1536w, https:\/\/applysia.de\/wp-content\/uploads\/2026\/01\/Introvertierte-in-der-Personalauswahl-18x10.jpg 18w, https:\/\/applysia.de\/wp-content\/uploads\/2026\/01\/Introvertierte-in-der-Personalauswahl.jpg 1920w\" sizes=\"auto, (max-width: 1024px) 100vw, 1024px\" \/><\/figure>\n\n\n\n<h3 class=\"wp-block-heading\">Introversion beschreibt einen anderen Kommunikationsstil<\/h3>\n\n\n\n<p>Introversion wird h\u00e4ufig mit Unsicherheit oder sozialer Angst verwechselt. Das ist meistens nicht richtig. Das Merkmal beschreibt keinen Mangel an sozialer Sicherheit, sondern eine Pr\u00e4ferenz f\u00fcr zur\u00fcckhaltendes Kommunikationsverhalten. Introvertierte Personen sind daher <strong>nicht per se unsicher oder f\u00fchrungsschwach<\/strong>. Viele sprechen gern, aber nicht st\u00e4ndig. Sie h\u00f6ren zu, bevor sie reden. Sie denken nach, bevor sie reagieren (Schwalbach, 2024).<\/p>\n\n\n\n<p>Gerade in leistungsrelevanten Situationen wie Bewerbungsgespr\u00e4chen oder Assessment Centern k\u00f6nnen mehrere Pers\u00f6nlichkeitsdimensionen auch gleichzeitig wirken. Extraversion beeinflusst vor allem den Grad der verbalen Spontaneit\u00e4t und sozialen Pr\u00e4senz. <strong>Introvertierte Personen <\/strong>neigen eher dazu, ihre <strong>Gedanken zun\u00e4chst f\u00fcr sich zu ordnen, bevor sie reagieren<\/strong>. Dadurch k\u00f6nnen sie zur\u00fcckhaltender wirken, obwohl ihre fachliche Kompetenz davon unber\u00fchrt bleibt.<\/p>\n\n\n\n<h3 class=\"wp-block-heading\">Warum kommunikative St\u00e4rken oft kontextunabh\u00e4ngig bewertet werden<\/h3>\n\n\n\n<p>In der Personalauswahl wird Kommunikation h\u00e4ufig mit Kompetenz assoziiert. Wer sicher auftritt, schnell reagiert und Gedanken spontan verbalisiert, gilt oft als leistungsf\u00e4hig. Diese Annahme ist in manchen Rollen zutreffend, greift jedoch zu kurz, wenn sie unabh\u00e4ngig vom tats\u00e4chlichen Anforderungsprofil getroffen wird (R\u00e4s\u00e4nen &amp; Lippert-Rasmussen, 2024).<\/p>\n\n\n\n<p>Ein <strong>extravertierter Kommunikationsstil <\/strong>kann dort <strong>leistungsf\u00f6rderlich <\/strong>sein, <strong>wo soziale Pr\u00e4senz, spontane Interaktion <\/strong>and <strong>\u00dcberzeugungskraft zentrale Anforderungen der Rolle <\/strong>sind, beispielsweise in der Kundenberatung. <strong>In anderen Bereichen<\/strong> wie Forschung und Entwicklung sind hingegen <strong>introvertierte Eigenschaften<\/strong>, die weniger sichtbar sind, wie tiefgehende Analyse und Geduld, <strong>entscheidende Erfolgsfaktoren<\/strong>.<\/p>\n\n\n\n<p>Problematisch wird es, wenn Auswahlprozesse extravertiertes Auftreten auch dann positiv bewerten, wenn es f\u00fcr die Rolle keine oder nur eine untergeordnete Anforderung darstellt oder wenn sogar gegenteilige Pr\u00e4ferenzen leistungsrelevant sind. <strong>Viele zentrale Jobanforderungen<\/strong>, wie etwa Probleml\u00f6sung, strategisches Denken oder sorgf\u00e4ltige Entscheidungsfindung, sind <strong>nach innen gerichtet<\/strong>. Sie lassen sich <strong>im Gespr\u00e4ch nur begrenzt beobachten<\/strong>.<\/p>\n\n\n\n<p>Wer in solchen F\u00e4llen ausschlie\u00dflich auf Auftreten achtet, \u00fcbersieht Potenzial. Entscheidend ist daher nicht, <strong>wie<\/strong> etwas gesagt wird, sondern <strong>ob <\/strong>der <strong>Kommunikationsstil zu den tats\u00e4chlichen Leistungsanforderungen der Rolle passt<\/strong> (McCord &amp; Joseph, 2020).<\/p>\n\n\n\n<h2 class=\"wp-block-heading\">Typische Vorurteile in der Personalauswahl: Mythos vs. Realit\u00e4t<\/h2>\n\n\n\n<p>Zeit f\u00fcr einen ehrlichen Blick auf g\u00e4ngige Denkmuster im Recruiting.<\/p>\n\n\n\n<p><strong>Mythos 1: \u201eWer sich gut verkauft, ist auch gut im Job\u201c<\/strong><\/p>\n\n\n\n<p><strong>Realit\u00e4t<\/strong>: Wer sich selbstbewusst pr\u00e4sentiert, wird oft als leistungsf\u00e4higer wahrgenommen, doch das sagt nur begrenzt etwas \u00fcber die tats\u00e4chliche Leistung aus. Selbstdarstellung beeinflusst vor allem Bewertungen, weil sichtbare Beitr\u00e4ge st\u00e4rker im Ged\u00e4chtnis bleiben. Introvertierte Bewerber*innen k\u00f6nnen dadurch \u00fcbersehen werden, obwohl ihre fachlichen F\u00e4higkeiten gleichwertig oder sogar \u00fcberlegen sind. <strong>Objektive Leistungsindikatoren<\/strong> and <strong>kontextbezogene Beobachtungen<\/strong> sind entscheidend, um Potenzial fair zu beurteilen (R\u00e4s\u00e4nen &amp; Lippert-Rasmussen, 2024).<\/p>\n\n\n\n<p><strong>Mythos 2: \u201eF\u00fchrungskr\u00e4fte m\u00fcssen extravertiert sein\u201c<\/strong><\/p>\n\n\n\n<p><strong>Realit\u00e4t<\/strong>: Extraversion h\u00e4ngt tats\u00e4chlich oft positiv mit F\u00fchrungserfolg zusammen, insbesondere in hierarchischen oder stark sichtbaren Rollen, da extravertierte F\u00fchrungskr\u00e4fte durchsetzungsstark und pr\u00e4sent wirken. <strong>F\u00fchrungserfolg <\/strong>ist jedoch <strong>kontextabh\u00e4ngig<\/strong>: In selbstorganisierten oder wissensintensiven Teams z\u00e4hlen Zuh\u00f6ren, Empathie und die F\u00f6rderung anderer oft mehr als Lautst\u00e4rke oder Charisma. Introvertierte F\u00fchrungskr\u00e4fte k\u00f6nnen durch diese St\u00e4rken besonders wirksam sein, da sie Raum f\u00fcr Beitr\u00e4ge anderer schaffen und Entscheidungen sorgf\u00e4ltig abw\u00e4gen (Schwalbach, 2024).&nbsp;&nbsp;<\/p>\n\n\n\n<p><strong>Mythos 3: \u201eIntrovertierte sind keine Teamplayer\u201c<\/strong><\/p>\n\n\n\n<p><strong>Realit\u00e4t<\/strong>: Introversion bedeutet nicht fehlende Teamf\u00e4higkeit. Viele Introvertierte bevorzugen jedoch andere Formen der Zusammenarbeit: kleinere Gruppen, strukturierte Meetings und klare Rollen statt st\u00e4ndiger spontaner Diskussionen.<\/p>\n\n\n\n<p>Dieser Mythos entsteht h\u00e4ufig durch <strong>unbewusste Bewertungsmechanismen<\/strong>, den sogenannten <strong>Similarity Bias<\/strong>: Menschen neigen dazu, andere positiver zu bewerten, wenn sie ihnen \u00e4hnlich sind. Extravertierte, sichtbare Beitr\u00e4ge werden leichter als Zeichen von Teamorientierung wahrgenommen, w\u00e4hrend leise, aber engagierte Beitr\u00e4ge von Introvertierten \u00fcbersehen werden (McCord &amp; Joseph, 2020).<\/p>\n\n\n\n<p><strong>Das Ergebnis<\/strong>: Introvertierte Bewerber*innen werden seltener eingestellt oder bef\u00f6rdert, unabh\u00e4ngig von ihrer tats\u00e4chlichen Leistung.<\/p>\n\n\n\n<figure class=\"wp-block-image size-large is-resized\"><img loading=\"lazy\" decoding=\"async\" width=\"1024\" height=\"576\" src=\"https:\/\/applysia.de\/wp-content\/uploads\/2026\/01\/Introvertierte-in-der-Personalauswahl_Grafik-3-1024x576.png\" alt=\"Eine Grafik mit dem Titel &quot;Mythos versus Realit\u00e4t&quot; zeigt zwei gegen\u00fcbergestellte Textfelder. Das linke Feld, beschriftet mit &quot;FALSE&quot;, enth\u00e4lt die Aussagen: &quot;Wer viel spricht, ist kompetent.&quot;, &quot;F\u00fchrung braucht Extraversion.&quot;, und &quot;Introvertierte sind keine Teamplayer.&quot; Das rechte Feld, beschriftet mit &quot;TRUE&quot;, enth\u00e4lt die Aussagen: &quot;Kompetenz zeigt sich auch leise&quot;, &quot;F\u00fchrung ist kontextabh\u00e4ngig&quot;, und &quot;Teamarbeit ungleich Dominanz.&quot;\" class=\"wp-image-16413\" style=\"width:675px;height:auto\" srcset=\"https:\/\/applysia.de\/wp-content\/uploads\/2026\/01\/Introvertierte-in-der-Personalauswahl_Grafik-3-1024x576.png 1024w, https:\/\/applysia.de\/wp-content\/uploads\/2026\/01\/Introvertierte-in-der-Personalauswahl_Grafik-3-300x169.png 300w, https:\/\/applysia.de\/wp-content\/uploads\/2026\/01\/Introvertierte-in-der-Personalauswahl_Grafik-3-768x432.png 768w, https:\/\/applysia.de\/wp-content\/uploads\/2026\/01\/Introvertierte-in-der-Personalauswahl_Grafik-3-1536x864.png 1536w, https:\/\/applysia.de\/wp-content\/uploads\/2026\/01\/Introvertierte-in-der-Personalauswahl_Grafik-3-18x10.png 18w, https:\/\/applysia.de\/wp-content\/uploads\/2026\/01\/Introvertierte-in-der-Personalauswahl_Grafik-3.png 1920w\" sizes=\"auto, (max-width: 1024px) 100vw, 1024px\" \/><\/figure>\n\n\n\n<h2 class=\"wp-block-heading\">Realit\u00e4tscheck: Warum Introvertierte im Job oft untersch\u00e4tzt werden<\/h2>\n\n\n\n<p>Viele Leistungen introvertierter Mitarbeiter*innen sind weniger sichtbar. Wer nicht st\u00e4ndig \u00fcber Erfolge spricht oder sich selbst in Szene setzt, l\u00e4uft Gefahr, \u00fcbersehen zu werden, im Job wie im Bewerbungsprozess (McCord &amp; Joseph, 2020).<\/p>\n\n\n\n<p>Hinzu kommt eine <strong>Arbeitskultur, die Extraversion oft idealisiert<\/strong>: viele Meetings, offene B\u00fcros, Networking-Events. Diese Strukturen beg\u00fcnstigen sichtbares Verhalten und nicht unbedingt gute Ergebnisse. Extraversion ist kein genereller Erfolgsfaktor, sie wirkt nur in bestimmten Rollen und Situationen leistungsf\u00f6rderlich. Beispielsweise kann Extraversion im Vertrieb von Vorteil sein, wo direkte Interaktion und Engagement gefragt sind (R\u00e4s\u00e4nen &amp; Lippert-Rasmussen, 2024).<\/p>\n\n\n\n<p><strong>Introvertierte <\/strong>bringen <strong>F\u00e4higkeiten und Fertigkeiten<\/strong> mit, die im Arbeitsalltag <strong>enorm wertvoll <\/strong>sind:<\/p>\n\n\n\n<ul class=\"wp-block-list\">\n<li><strong>Pr\u00e4ferenz f\u00fcr vertiefte Auseinandersetzung mit komplexen Themen<\/strong>: Introvertierte bevorzugen h\u00e4ufig l\u00e4ngere Phasen ungest\u00f6rter Besch\u00e4ftigung mit Inhalten und setzen sich intensiv mit Fragestellungen auseinander, bevor sie Ergebnisse kommunizieren.<\/li>\n\n\n\n<li><strong>Geringerer Bedarf an st\u00e4ndigem Austausch<\/strong>: Introvertierte Personen kommen oft mit weniger \u00e4u\u00dferer Stimulation aus und arbeiten bevorzugt in ruhigeren Umgebungen, was bei wissensintensiven Aufgaben unterst\u00fctzend wirken kann.<\/li>\n\n\n\n<li><strong>Tendenz zu bedachter Reaktion statt spontaner Entscheidung<\/strong>: Introvertierte bringen ihre Einsch\u00e4tzungen h\u00e4ufig erst dann ein, wenn sie ein Thema f\u00fcr sich ausreichend gekl\u00e4rt haben.<\/li>\n\n\n\n<li><strong>Strukturierte Vorbereitung von Beitr\u00e4gen und Meetings<\/strong>:<strong> <\/strong>Viele introvertierte Personen bereiten Inhalte gern vor und bringen Beitr\u00e4ge gezielt und strukturiert ein.<\/li>\n\n\n\n<li><strong>Pr\u00e4ferenz f\u00fcr ausgew\u00e4hlte, vertiefte berufliche Beziehungen<\/strong>: Introvertierte investieren ihre soziale Energie h\u00e4ufig gezielter und pflegen lieber weniger, daf\u00fcr intensivere berufliche Kontakte.<\/li>\n<\/ul>\n\n\n\n<p><strong>Wichtig ist<\/strong>: Diese Merkmale sind keine exklusiven Eigenschaften introvertierter Personen, sondern beschreiben Verhaltenspr\u00e4ferenzen, die bei introvertiertem Erleben h\u00e4ufiger auftreten. Besonders in Rollen wie in der IT, Datenanalyse, Strategie, Qualit\u00e4tssicherung oder im Controlling sind diese Eigenschaften besonders leistungsrelevant.<\/p>\n\n\n\n<h2 class=\"wp-block-heading\">Faire Personalauswahl gestalten: Was Unternehmen tun k\u00f6nnen<\/h2>\n\n\n\n<p>Wenn Unternehmen wirklich die besten Talente finden wollen, braucht es einen <strong>Perspektivwechsel<\/strong>.<\/p>\n\n\n\n<ol class=\"wp-block-list\">\n<li><strong>Struktur statt Bauchgef\u00fchl<\/strong>:<br>Strukturierte Interviews mit klaren Bewertungskriterien sind deutlich fairer als freie Gespr\u00e4che. Sie reduzieren Sympathieeffekte und sorgen daf\u00fcr, dass Inhalte z\u00e4hlen und eben nicht die Lautst\u00e4rke.<\/li>\n\n\n\n<li><strong>Vielfalt der Formate<\/strong>:<br>Nicht jede Kompetenz zeigt sich im Gruppengespr\u00e4ch. Arbeitsproben, Fallstudien oder digitale Assessments erm\u00f6glichen differenziertere Einblicke.<br>Gut gestaltete digitale Assessment Center geben auch ruhigeren Kandidat*innen Raum, ihre analytischen und konzeptionellen St\u00e4rken zu zeigen unabh\u00e4ngig von spontaner Selbstdarstellung<\/li>\n\n\n\n<li><strong>Verhalten von Pers\u00f6nlichkeit trennen<\/strong>:<br>Die entscheidende Frage lautet nicht: \u201eWie pr\u00e4sent war jemand?\u201c sondern: \u201eWas wurde inhaltlich beigetragen?\u201c Bei der Bewertung der Leistung von Bewerber*innen sollte der Fokus auf dem Inhalt und der Qualit\u00e4t ihrer Beitr\u00e4ge liegen und nicht auf der Art und Weise, wie diese pr\u00e4sentiert werden.<\/li>\n\n\n\n<li><strong>Digitale Assessment Center sinnvoll nutzen<\/strong>:<br>Digitale Assessments standardisieren Bewertungen, reduzieren soziale Verzerrungen und erm\u00f6glichen asynchrone Formate. Bewerber*innen k\u00f6nnen Antworten in ihrem eigenen Tempo geben. Dies ist ein klarer Vorteil f\u00fcr introvertierte Personen.<\/li>\n<\/ol>\n\n\n\n<figure class=\"wp-block-image size-large\"><img loading=\"lazy\" decoding=\"async\" width=\"1024\" height=\"576\" src=\"https:\/\/applysia.de\/wp-content\/uploads\/2026\/01\/Introvertierte-in-der-Personalauswahl_Grafik-4-1024x576.png\" alt=\"Eine Grafik mit dem Titel &quot;Wege zu einer fairen Personalauswahl&quot; zeigt vier Schritte in einem Prozess. Die Schritte sind durch Pfeile miteinander verbunden und nummeriert. Der erste Schritt lautet &quot;Struktur und klare Bewertungskriterien&quot;, dargestellt durch ein blaues Symbol mit einem Baumdiagramm von K\u00e4stchen. Der zweite Schritt lautet &quot;Einsatz vielf\u00e4ltiger Auswahlmethoden&quot;, dargestellt durch ein oranges Symbol mit einem Ablaufdiagramm. Der dritte Schritt lautet &quot;Fokus auf Inhalt und Qualit\u00e4t&quot;, dargestellt durch ein blaues Symbol mit einem Buch und einer Lupe. Der letzte Schritt lautet &quot;Digitale Assessment Center&quot;, dargestellt durch ein oranges Symbol mit einem Computerbildschirm und einer Checkliste.\" class=\"wp-image-16414\" srcset=\"https:\/\/applysia.de\/wp-content\/uploads\/2026\/01\/Introvertierte-in-der-Personalauswahl_Grafik-4-1024x576.png 1024w, https:\/\/applysia.de\/wp-content\/uploads\/2026\/01\/Introvertierte-in-der-Personalauswahl_Grafik-4-300x169.png 300w, https:\/\/applysia.de\/wp-content\/uploads\/2026\/01\/Introvertierte-in-der-Personalauswahl_Grafik-4-768x432.png 768w, https:\/\/applysia.de\/wp-content\/uploads\/2026\/01\/Introvertierte-in-der-Personalauswahl_Grafik-4-1536x864.png 1536w, https:\/\/applysia.de\/wp-content\/uploads\/2026\/01\/Introvertierte-in-der-Personalauswahl_Grafik-4-18x10.png 18w, https:\/\/applysia.de\/wp-content\/uploads\/2026\/01\/Introvertierte-in-der-Personalauswahl_Grafik-4.png 1920w\" sizes=\"auto, (max-width: 1024px) 100vw, 1024px\" \/><\/figure>\n\n\n\n<h2 class=\"wp-block-heading\">Tipps f\u00fcr introvertierte Bewerber*innen<\/h2>\n\n\n\n<p>Auch introvertierte Bewerber*innen k\u00f6nnen den Auswahlprozess aktiv mitgestalten, ohne sich zu verbiegen. <strong>Bestimmte Strategien<\/strong> helfen dabei, die <strong>eigenen St\u00e4rken sichtbar zu machen<\/strong>, auch in eher extravertiert gepr\u00e4gten Auswahlformaten.<\/p>\n\n\n\n<ul class=\"wp-block-list\">\n<li><strong>Gute Vorbereitung:<\/strong> Klare Beispiele aus dem beruflichen Alltag, strukturiert dargestellt, helfen dabei, Kompetenz greifbar zu machen und Sicherheit zu gewinnen.<\/li>\n\n\n\n<li><strong>Bewusster Umgang mit Pausen<\/strong>: Kurze Denkpausen sind kein Zeichen von Unsicherheit, sondern von Reflexion und Sorgfalt.<\/li>\n\n\n\n<li><strong>Eigene St\u00e4rken klar benennen<\/strong>: Zuh\u00f6ren, analytisches Denken, Verl\u00e4sslichkeit oder gr\u00fcndliche Vorbereitung sind relevante Kompetenzen und sollten als solche sichtbar gemacht werden.<\/li>\n\n\n\n<li><strong>Fokus auf Tiefe statt Dauerrede<\/strong>: Pr\u00e4zise, fundierte Antworten vermitteln oft ein klareres Bild als viele spontane Wortmeldungen.<\/li>\n<\/ul>\n\n\n\n<p><strong>Authentizit\u00e4t <\/strong>wirkt dabei langfristig \u00fcberzeugender als gespielte Extraversion (R\u00e4s\u00e4nen &amp; Lippert-Rasmussen, 2024).<\/p>\n\n\n\n<figure class=\"wp-block-image size-large\"><img loading=\"lazy\" decoding=\"async\" width=\"1024\" height=\"576\" src=\"https:\/\/applysia.de\/wp-content\/uploads\/2026\/01\/Introvertierte-in-der-Personalauswahl_Grafik-5-1024x576.png\" alt=\"Eine Grafik mit dem Titel &quot;Was introvertierten Bewerber*innen im Auswahlprozess hilft&quot;. Die Grafik zeigt vier Schritte, die durch Pfeile verbunden sind: Der erste Schritt lautet &quot;Gute Vorbereitung&quot;, dargestellt durch ein blaues Symbol mit einer Checkliste und einem Stift. Der zweite Schritt lautet &quot;Bewusste Pausen&quot;, dargestellt durch ein oranges Symbol mit einer Hand, die eine Pause signalisiert. Der dritte Schritt lautet &quot;St\u00e4rken herausstellen&quot;, dargestellt durch ein blaues Symbol mit mehreren aufw\u00e4rts gerichteten Pfeilen. Der letzte Schritt lautet &quot;Fokus auf Tiefe&quot;, dargestellt durch ein oranges Symbol mit einem Pfeil, der nach unten und oben in tiefe Schichten zeigt.\" class=\"wp-image-16415\" srcset=\"https:\/\/applysia.de\/wp-content\/uploads\/2026\/01\/Introvertierte-in-der-Personalauswahl_Grafik-5-1024x576.png 1024w, https:\/\/applysia.de\/wp-content\/uploads\/2026\/01\/Introvertierte-in-der-Personalauswahl_Grafik-5-300x169.png 300w, https:\/\/applysia.de\/wp-content\/uploads\/2026\/01\/Introvertierte-in-der-Personalauswahl_Grafik-5-768x432.png 768w, https:\/\/applysia.de\/wp-content\/uploads\/2026\/01\/Introvertierte-in-der-Personalauswahl_Grafik-5-1536x864.png 1536w, https:\/\/applysia.de\/wp-content\/uploads\/2026\/01\/Introvertierte-in-der-Personalauswahl_Grafik-5-18x10.png 18w, https:\/\/applysia.de\/wp-content\/uploads\/2026\/01\/Introvertierte-in-der-Personalauswahl_Grafik-5.png 1920w\" sizes=\"auto, (max-width: 1024px) 100vw, 1024px\" \/><\/figure>\n\n\n\n<h2 class=\"wp-block-heading\">Fazit: Pers\u00f6nlichkeit ist nicht gleich Performance<\/h2>\n\n\n\n<p>Werden Introvertierte bei der Personalauswahl benachteiligt?<br>Die ehrliche Antwort lautet: Nicht grunds\u00e4tzlich, aber h\u00e4ufig dort, wo Extraversion \u00fcberbewertet wird.&nbsp;<\/p>\n\n\n\n<p>Extraversion ist in bestimmten Rollen ein relevanter Erfolgsfaktor, etwa \u00fcberall dort, wo spontane Interaktion, \u00dcberzeugungskraft oder hohe soziale Pr\u00e4senz zentrale Anforderungen sind. In vielen Auswahlprozessen wird Extraversion als Leistungsmerkmal interpretiert. Dieses Pers\u00f6nlichkeitsmerkmal erh\u00f6ht jedoch eher die Sichtbarkeit, ohne zwingend etwas \u00fcber die tats\u00e4chliche Eignung auszusagen. Dadurch werden oftmals die <strong>tats\u00e4chlichen F\u00e4higkeiten und Potenziale<\/strong> <strong>introvertierter Personen<\/strong> <strong>nicht erkannt und genutzt<\/strong>.<\/p>\n\n\n\n<p>Wenn wir wirklich die besten Talente finden wollen, m\u00fcssen wir aufh\u00f6ren, Pers\u00f6nlichkeit mit Performance zu verwechseln. <strong>Faire, strukturierte und vielf\u00e4ltige Auswahlverfahren<\/strong> sind kein Nice-to-have, sondern ein klarer <strong>Wettbewerbsvorteil<\/strong>. Auswahlprozesse, die auf <strong>objektiven, relevanten Kriterien<\/strong> basieren und die <strong>Vielfalt von Pers\u00f6nlichkeit ber\u00fccksichtigen<\/strong>, stellen sicher, dass die besten Kandidat*innen f\u00fcr die jeweilige Position ausgew\u00e4hlt werden.&nbsp;Faire Personalauswahl bedeutet daher nicht, Introversion zu bevorzugen oder Extraversion abzuwerten. <\/p>\n\n\n\n<p>Der <strong>Fokus <\/strong>sollte auf den <strong>inhaltlichen Beitr\u00e4gen<\/strong> und den <strong>tats\u00e4chlichen Kompetenzen<\/strong> liegen, anstatt auf der Art und Weise, wie diese pr\u00e4sentiert wurden. Ein ausgewogener und differenzierter Ansatz in der Personalauswahl kann dazu beitragen, das volle Potenzial aller Bewerber*innen zu erkennen und zu nutzen. Und vielleicht ist es an der Zeit, <strong>im n\u00e4chsten Bewerbungsgespr\u00e4ch<\/strong> nicht zu <strong>fragen<\/strong>, wer am meisten gesprochen hat, sondern <strong>wer die besten Punkte beigetragen hat<\/strong>.<\/p>\n\n\n\n<h3 class=\"wp-block-heading\"><strong>Wie digitale Personalauswahl dabei helfen kann<\/strong><\/h3>\n\n\n\n<p><strong>Digitale Auswahlverfahren <\/strong>k\u00f6nnen einen wichtigen Beitrag zu <strong>mehr Fairness im Recruiting<\/strong> leisten, wenn sie sinnvoll gestaltet sind. Mit <strong>Applysia <\/strong>lassen sich <strong>Kompetenzen strukturiert, vergleichbar und unabh\u00e4ngig <\/strong>von Lautst\u00e4rke oder spontaner Selbstdarstellung erfassen. So bekommen auch introvertierte Bewerber*innen die Chance, ihre analytischen, konzeptionellen und fachlichen St\u00e4rken sichtbar zu machen.<\/p>\n\n\n\n<div class=\"wp-block-applysia-callout alignwide border-l-4 rounded-lg p-4 shadow-sm\" style=\"background-color:#c7d0f4;border-left-color:#445594\"><div>\n<p>Durch <strong>standardisierte Bewertungsma\u00dfst\u00e4be<\/strong>, <strong>vielf\u00e4ltige Aufgabenformate<\/strong> and <strong>asynchrone Elemente <\/strong>unterst\u00fctzt Applysia Organisationen dabei, Potenziale objektiver zu erkennen und Pers\u00f6nlichkeit nicht mit Performance zu verwechseln.&nbsp;Alles rund um digitale Personalauswahl und -entwicklung findet ihr unter <a href=\"https:\/\/applysia.de\/en\/\">www.applysia.de<\/a>.<\/p>\n<\/div><\/div>\n\n\n\n<p class=\"text-base\"><strong>Quellen<\/strong>:<\/p>\n\n\n\n<p class=\"text-base\">McCord, M. A. &amp; Joseph, D. L. (2020). A framework of negative responses to introversion at work. <em>Personality and Individual Differences, 161<\/em>. https:\/\/doi.org\/10.1016\/j.paid.2020.109944<\/p>\n\n\n\n<p class=\"text-base\">R\u00e4s\u00e4nen, J. &amp; Lippert-Rasmussen, K. (2024). Personality discrimination and the wrongness of hiring based on extraversion. <em>Journal of Business Ethics, 195<\/em>(3), 681-694. https:\/\/doi.org\/10.1007\/s10551-024-05643-w<\/p>\n\n\n\n<p class=\"text-base\">Schwalbach, K. (2024).<em> <\/em><em>Introvertierte F\u00fchrungskr\u00e4fte <\/em>(1. Aufl.). Springer Gabler Berlin, Heidelberg. https:\/\/doi.org\/10.1007\/978-3-662-69660-6<\/p>","protected":false},"excerpt":{"rendered":"<p>Setzt sich im Bewerbungsprozess wirklich immer die beste Person durch oder oft einfach die lauteste Person? Diese Frage stellen sich viele Bewerber*innen, vor allem jene, die ihre St\u00e4rken eher leise [&hellip;]<\/p>\n","protected":false},"author":23,"featured_media":16416,"comment_status":"closed","ping_status":"closed","sticky":false,"template":"","format":"standard","meta":{"_acf_changed":false,"footnotes":""},"categories":[822968],"tags":[],"class_list":["post-16403","post","type-post","status-publish","format-standard","has-post-thumbnail","hentry","category-hr-wissen"],"acf":[],"yoast_head":"<!-- This site is optimized with the Yoast SEO plugin v27.4 - https:\/\/yoast.com\/product\/yoast-seo-wordpress\/ -->\n<title>Benachteiligung Introvertierter bei Personalauswahl? - Applysia<\/title>\n<meta name=\"description\" content=\"Wenn Selbstdarstellung gewinnt, gehen leise Talente verloren. So entsteht Benachteiligung von Introvertierten \u2013 inklusive L\u00f6sungen f\u00fcr faire Personalauswahl.\" \/>\n<meta name=\"robots\" content=\"index, follow, max-snippet:-1, max-image-preview:large, max-video-preview:-1\" \/>\n<link rel=\"canonical\" href=\"https:\/\/applysia.de\/en\/hr-wissen\/werden-introvertierte-in-der-personalauswahl-benachteiligt\/\" \/>\n<meta property=\"og:locale\" content=\"en_US\" \/>\n<meta property=\"og:type\" content=\"article\" \/>\n<meta property=\"og:title\" content=\"Benachteiligung Introvertierter bei Personalauswahl? - Applysia\" \/>\n<meta property=\"og:description\" content=\"Wenn Selbstdarstellung gewinnt, gehen leise Talente verloren. So entsteht Benachteiligung von Introvertierten \u2013 inklusive L\u00f6sungen f\u00fcr faire Personalauswahl.\" \/>\n<meta property=\"og:url\" content=\"https:\/\/applysia.de\/en\/hr-wissen\/werden-introvertierte-in-der-personalauswahl-benachteiligt\/\" \/>\n<meta property=\"og:site_name\" content=\"Applysia\" \/>\n<meta property=\"article:published_time\" content=\"2026-01-07T11:10:13+00:00\" \/>\n<meta property=\"article:modified_time\" content=\"2026-01-07T11:12:21+00:00\" \/>\n<meta property=\"og:image\" content=\"https:\/\/applysia.de\/wp-content\/uploads\/2026\/01\/Introvertierte-in-der-Personalauswahl_Titelbild_Applysia-Assessment-Center-Software.png\" \/>\n\t<meta property=\"og:image:width\" content=\"1200\" \/>\n\t<meta property=\"og:image:height\" content=\"627\" \/>\n\t<meta property=\"og:image:type\" content=\"image\/png\" \/>\n<meta name=\"author\" content=\"Vanessa Link\" \/>\n<meta name=\"twitter:card\" content=\"summary_large_image\" \/>\n<meta name=\"twitter:creator\" content=\"@applysia\" \/>\n<meta name=\"twitter:site\" content=\"@applysia\" \/>\n<meta name=\"twitter:label1\" content=\"Written by\" \/>\n\t<meta name=\"twitter:data1\" content=\"Vanessa Link\" \/>\n\t<meta name=\"twitter:label2\" content=\"Est. reading time\" \/>\n\t<meta name=\"twitter:data2\" content=\"10 minutes\" \/>\n<!-- \/ Yoast SEO plugin. -->","yoast_head_json":{"title":"Benachteiligung Introvertierter bei Personalauswahl? - Applysia","description":"Wenn Selbstdarstellung gewinnt, gehen leise Talente verloren. So entsteht Benachteiligung von Introvertierten \u2013 inklusive L\u00f6sungen f\u00fcr faire Personalauswahl.","robots":{"index":"index","follow":"follow","max-snippet":"max-snippet:-1","max-image-preview":"max-image-preview:large","max-video-preview":"max-video-preview:-1"},"canonical":"https:\/\/applysia.de\/en\/hr-wissen\/werden-introvertierte-in-der-personalauswahl-benachteiligt\/","og_locale":"en_US","og_type":"article","og_title":"Benachteiligung Introvertierter bei Personalauswahl? - Applysia","og_description":"Wenn Selbstdarstellung gewinnt, gehen leise Talente verloren. So entsteht Benachteiligung von Introvertierten \u2013 inklusive L\u00f6sungen f\u00fcr faire Personalauswahl.","og_url":"https:\/\/applysia.de\/en\/hr-wissen\/werden-introvertierte-in-der-personalauswahl-benachteiligt\/","og_site_name":"Applysia","article_published_time":"2026-01-07T11:10:13+00:00","article_modified_time":"2026-01-07T11:12:21+00:00","og_image":[{"width":1200,"height":627,"url":"https:\/\/applysia.de\/wp-content\/uploads\/2026\/01\/Introvertierte-in-der-Personalauswahl_Titelbild_Applysia-Assessment-Center-Software.png","type":"image\/png"}],"author":"Vanessa Link","twitter_card":"summary_large_image","twitter_creator":"@applysia","twitter_site":"@applysia","twitter_misc":{"Written by":"Vanessa Link","Est. reading time":"10 minutes"},"schema":{"@context":"https:\/\/schema.org","@graph":[{"@type":"Article","@id":"https:\/\/applysia.de\/hr-wissen\/werden-introvertierte-in-der-personalauswahl-benachteiligt\/#article","isPartOf":{"@id":"https:\/\/applysia.de\/hr-wissen\/werden-introvertierte-in-der-personalauswahl-benachteiligt\/"},"author":{"name":"Vanessa Link","@id":"https:\/\/applysia.de\/#\/schema\/person\/951af151816ef5e20b686b261f643419"},"headline":"Werden Introvertierte in der Personalauswahl benachteiligt?","datePublished":"2026-01-07T11:10:13+00:00","dateModified":"2026-01-07T11:12:21+00:00","mainEntityOfPage":{"@id":"https:\/\/applysia.de\/hr-wissen\/werden-introvertierte-in-der-personalauswahl-benachteiligt\/"},"wordCount":2108,"publisher":{"@id":"https:\/\/applysia.de\/#organization"},"image":{"@id":"https:\/\/applysia.de\/hr-wissen\/werden-introvertierte-in-der-personalauswahl-benachteiligt\/#primaryimage"},"thumbnailUrl":"https:\/\/applysia.de\/wp-content\/uploads\/2026\/01\/Introvertierte-in-der-Personalauswahl_Titelbild_Applysia-Assessment-Center-Software.png","articleSection":["HR-Wissen"],"inLanguage":"en-US"},{"@type":"WebPage","@id":"https:\/\/applysia.de\/hr-wissen\/werden-introvertierte-in-der-personalauswahl-benachteiligt\/","url":"https:\/\/applysia.de\/hr-wissen\/werden-introvertierte-in-der-personalauswahl-benachteiligt\/","name":"Benachteiligung Introvertierter bei Personalauswahl? - Applysia","isPartOf":{"@id":"https:\/\/applysia.de\/#website"},"primaryImageOfPage":{"@id":"https:\/\/applysia.de\/hr-wissen\/werden-introvertierte-in-der-personalauswahl-benachteiligt\/#primaryimage"},"image":{"@id":"https:\/\/applysia.de\/hr-wissen\/werden-introvertierte-in-der-personalauswahl-benachteiligt\/#primaryimage"},"thumbnailUrl":"https:\/\/applysia.de\/wp-content\/uploads\/2026\/01\/Introvertierte-in-der-Personalauswahl_Titelbild_Applysia-Assessment-Center-Software.png","datePublished":"2026-01-07T11:10:13+00:00","dateModified":"2026-01-07T11:12:21+00:00","description":"Wenn Selbstdarstellung gewinnt, gehen leise Talente verloren. So entsteht Benachteiligung von Introvertierten \u2013 inklusive L\u00f6sungen f\u00fcr faire Personalauswahl.","breadcrumb":{"@id":"https:\/\/applysia.de\/hr-wissen\/werden-introvertierte-in-der-personalauswahl-benachteiligt\/#breadcrumb"},"inLanguage":"en-US","potentialAction":[{"@type":"ReadAction","target":["https:\/\/applysia.de\/hr-wissen\/werden-introvertierte-in-der-personalauswahl-benachteiligt\/"]}]},{"@type":"ImageObject","inLanguage":"en-US","@id":"https:\/\/applysia.de\/hr-wissen\/werden-introvertierte-in-der-personalauswahl-benachteiligt\/#primaryimage","url":"https:\/\/applysia.de\/wp-content\/uploads\/2026\/01\/Introvertierte-in-der-Personalauswahl_Titelbild_Applysia-Assessment-Center-Software.png","contentUrl":"https:\/\/applysia.de\/wp-content\/uploads\/2026\/01\/Introvertierte-in-der-Personalauswahl_Titelbild_Applysia-Assessment-Center-Software.png","width":1200,"height":627,"caption":"Eine Grafik mit dem Titel \"HR-Wissen: Introvertierte in der Personalauswahl\". Darunter steht die Frage: \"Setzt sich im Bewerbungsprozess immer die beste Person durch oder oft einfach die lauteste?\" Im Hintergrund sind drei Personen in einem Gespr\u00e4ch zu sehen."},{"@type":"BreadcrumbList","@id":"https:\/\/applysia.de\/hr-wissen\/werden-introvertierte-in-der-personalauswahl-benachteiligt\/#breadcrumb","itemListElement":[{"@type":"ListItem","position":1,"name":"Home","item":"https:\/\/applysia.de\/"},{"@type":"ListItem","position":2,"name":"HR-Wissen","item":"https:\/\/applysia.de\/category\/hr-wissen\/"},{"@type":"ListItem","position":3,"name":"Werden Introvertierte in der Personalauswahl benachteiligt?"}]},{"@type":"WebSite","@id":"https:\/\/applysia.de\/#website","url":"https:\/\/applysia.de\/","name":"Applysia","description":"Rethink Assessment - Assessment Neu Denken","publisher":{"@id":"https:\/\/applysia.de\/#organization"},"potentialAction":[{"@type":"SearchAction","target":{"@type":"EntryPoint","urlTemplate":"https:\/\/applysia.de\/?s={search_term_string}"},"query-input":{"@type":"PropertyValueSpecification","valueRequired":true,"valueName":"search_term_string"}}],"inLanguage":"en-US"},{"@type":"Organization","@id":"https:\/\/applysia.de\/#organization","name":"Applysia","url":"https:\/\/applysia.de\/","logo":{"@type":"ImageObject","inLanguage":"en-US","@id":"https:\/\/applysia.de\/#\/schema\/logo\/image\/","url":"https:\/\/applysia.de\/wp-content\/uploads\/2020\/06\/Logo_2020.png","contentUrl":"https:\/\/applysia.de\/wp-content\/uploads\/2020\/06\/Logo_2020.png","width":1831,"height":379,"caption":"Applysia"},"image":{"@id":"https:\/\/applysia.de\/#\/schema\/logo\/image\/"},"sameAs":["https:\/\/x.com\/applysia","https:\/\/www.linkedin.com\/company\/applysia"]},{"@type":"Person","@id":"https:\/\/applysia.de\/#\/schema\/person\/951af151816ef5e20b686b261f643419","name":"Vanessa Link"}]}},"_links":{"self":[{"href":"https:\/\/applysia.de\/en\/wp-json\/wp\/v2\/posts\/16403","targetHints":{"allow":["GET"]}}],"collection":[{"href":"https:\/\/applysia.de\/en\/wp-json\/wp\/v2\/posts"}],"about":[{"href":"https:\/\/applysia.de\/en\/wp-json\/wp\/v2\/types\/post"}],"author":[{"embeddable":true,"href":"https:\/\/applysia.de\/en\/wp-json\/wp\/v2\/users\/23"}],"replies":[{"embeddable":true,"href":"https:\/\/applysia.de\/en\/wp-json\/wp\/v2\/comments?post=16403"}],"version-history":[{"count":8,"href":"https:\/\/applysia.de\/en\/wp-json\/wp\/v2\/posts\/16403\/revisions"}],"predecessor-version":[{"id":16428,"href":"https:\/\/applysia.de\/en\/wp-json\/wp\/v2\/posts\/16403\/revisions\/16428"}],"wp:featuredmedia":[{"embeddable":true,"href":"https:\/\/applysia.de\/en\/wp-json\/wp\/v2\/media\/16416"}],"wp:attachment":[{"href":"https:\/\/applysia.de\/en\/wp-json\/wp\/v2\/media?parent=16403"}],"wp:term":[{"taxonomy":"category","embeddable":true,"href":"https:\/\/applysia.de\/en\/wp-json\/wp\/v2\/categories?post=16403"},{"taxonomy":"post_tag","embeddable":true,"href":"https:\/\/applysia.de\/en\/wp-json\/wp\/v2\/tags?post=16403"}],"curies":[{"name":"wp","href":"https:\/\/api.w.org\/{rel}","templated":true}]}}